{"id":168,"__str__":"Requerimento n\u00ba 28 de 2021","link_detail_backend":"/materia/168","metadata":{},"numero":28,"ano":2021,"numero_protocolo":null,"data_apresentacao":"2021-05-26","tipo_apresentacao":"E","data_publicacao":null,"numero_origem_externa":"","ano_origem_externa":null,"data_origem_externa":null,"apelido":"","dias_prazo":null,"data_fim_prazo":null,"em_tramitacao":true,"polemica":false,"objeto":"","complementar":false,"ementa":"Requer do Poder Executivo  a reposi\u00e7\u00e3o de l\u00e2mpadas queimadas no sistema de ilumina\u00e7\u00e3o p\u00fablica do povoado capoeiras.","indexacao":"","observacao":"","resultado":"","texto_original":null,"data_ultima_atualizacao":"2021-06-04T08:33:41.693612-03:00","ip":"177.91.52.139","ultima_edicao":"2021-05-27T15:59:28.525365-03:00","tipo":3,"regime_tramitacao":1,"tipo_origem_externa":null,"local_origem_externa":null,"user":17,"anexadas":[],"autores":[2]}