{"id":199,"__str__":"PARECER n\u00ba 1 de 2021 | Aguardando a inclus\u00e3o na ordem do dia | 02/07/2021","link_detail_backend":"/materia/tramitacao/199","metadata":{},"timestamp":"2021-07-01T22:17:50.145247-03:00","data_tramitacao":"2021-07-02","data_encaminhamento":null,"urgente":true,"turno":"P","texto":"Aguardando delibera\u00e7\u00e3o do plen\u00e1rio","data_fim_prazo":null,"ip":"177.91.52.139","ultima_edicao":"2021-07-01T22:16:12.679101-03:00","status":30,"materia":181,"unidade_tramitacao_local":3,"unidade_tramitacao_destino":1,"user":17}