{"id":218,"__str__":"Requerimento n\u00ba 43 de 2021 | Proposi\u00e7\u00e3o retirada da Ordem do Dia. | 26/09/2021","link_detail_backend":"/materia/tramitacao/218","metadata":{},"timestamp":"2021-09-26T17:02:45.691618-03:00","data_tramitacao":"2021-09-26","data_encaminhamento":null,"urgente":false,"turno":"","texto":"Mat\u00e9ria retirada de pauta devido a aus\u00eancia do autor vereador N\u00f3 Cego - PROS.","data_fim_prazo":null,"ip":"177.91.52.139","ultima_edicao":"2021-09-26T17:00:21.633927-03:00","status":49,"materia":190,"unidade_tramitacao_local":7,"unidade_tramitacao_destino":7,"user":17}