{"id":21,"__str__":"Lei n\u00ba 326, de 23 de agosto de 2019","link_detail_backend":"/norma/21","metadata":{},"texto_integral":"http://sapl.afonsocunha.ma.leg.br/media/sapl/public/normajuridica/2019/21/lei_326-2019_denominacao_escola_gastao.pdf","numero":"326","ano":2019,"esfera_federacao":"M","data":"2019-08-23","data_publicacao":"2019-08-20","veiculo_publicacao":"SEDE DA PREFEITURA","pagina_inicio_publicacao":null,"pagina_fim_publicacao":null,"ementa":"\"DISP\u00d5E SOBRE A ALTERA\u00c7\u00c3O DA DENOMINA\u00c7\u00c3O DA UNIDADE ESCOLAR DEPUTADO FEDERAL GAST\u00c3O DIAS VIEIRA\".","indexacao":"","observacao":"","complemento":false,"data_vigencia":null,"timestamp":"2022-08-26T11:44:15.325829-03:00","data_ultima_atualizacao":"2022-08-26T11:44:15.326043-03:00","ip":"177.91.52.139","ultima_edicao":"2022-08-26T11:44:15.207330-03:00","tipo":1,"materia":106,"orgao":null,"user":1,"assuntos":[4],"autores":[35]}