{"id":45,"__str__":"Lei n\u00ba 347, de 27 de setembro de 2021","link_detail_backend":"/norma/45","metadata":{},"texto_integral":"http://sapl.afonsocunha.ma.leg.br/media/sapl/public/normajuridica/2021/45/lei_347-2021_dia_do_evangelico.pdf","numero":"347","ano":2021,"esfera_federacao":"M","data":"2021-09-27","data_publicacao":"2021-10-06","veiculo_publicacao":"DOM","pagina_inicio_publicacao":null,"pagina_fim_publicacao":null,"ementa":"Institui o \u201cDia do Evang\u00e9lico\u201d no Munic\u00edpio de Afonso Cunha e d\u00e1 outras provid\u00eancias.","indexacao":"","observacao":"","complemento":false,"data_vigencia":null,"timestamp":"2022-08-15T12:01:30.594313-03:00","data_ultima_atualizacao":"2022-08-15T12:01:30.779755-03:00","ip":"177.91.52.139","ultima_edicao":"2022-08-15T11:58:44.794836-03:00","tipo":1,"materia":191,"orgao":null,"user":17,"assuntos":[3],"autores":[39]}